{"id":8051,"date":"2020-02-25T14:26:00","date_gmt":"2020-02-25T13:26:00","guid":{"rendered":"https:\/\/materialdeescalada.com\/blog\/?p=8051"},"modified":"2020-02-25T15:13:28","modified_gmt":"2020-02-25T14:13:28","slug":"white-friday-la-luz-en-la-montana-escalada","status":"publish","type":"post","link":"https:\/\/materialdeescalada.com\/blog\/white-friday-la-luz-en-la-montana-escalada\/","title":{"rendered":"White Friday &#8211; La luz llega a la monta\u00f1a y la escalada"},"content":{"rendered":"\n<div class=\"wp-block-group\"><div class=\"wp-block-group__inner-container is-layout-flow wp-block-group-is-layout-flow\">\n<h2 class=\"wp-block-heading\"><span class=\"ez-toc-section\" id=\"White-Friday-28-29-de-febrero\"><\/span>White Friday 28-29 de febrero<span class=\"ez-toc-section-end\"><\/span><\/h2><div id=\"ez-toc-container\" class=\"ez-toc-v2_0_82_2 ez-toc-wrap-center counter-hierarchy ez-toc-counter ez-toc-grey ez-toc-container-direction\">\n<div class=\"ez-toc-title-container\">\n<p class=\"ez-toc-title\" style=\"cursor:inherit\">Indice de contenido<\/p>\n<span class=\"ez-toc-title-toggle\"><a href=\"#\" class=\"ez-toc-pull-right ez-toc-btn ez-toc-btn-xs ez-toc-btn-default ez-toc-toggle\" aria-label=\"Alternar tabla de contenidos\"><span class=\"ez-toc-js-icon-con\"><span class=\"\"><span class=\"eztoc-hide\" style=\"display:none;\">Toggle<\/span><span class=\"ez-toc-icon-toggle-span\"><svg style=\"fill: #1e73be;color:#1e73be\" xmlns=\"http:\/\/www.w3.org\/2000\/svg\" class=\"list-377408\" width=\"20px\" height=\"20px\" viewBox=\"0 0 24 24\" fill=\"none\"><path d=\"M6 6H4v2h2V6zm14 0H8v2h12V6zM4 11h2v2H4v-2zm16 0H8v2h12v-2zM4 16h2v2H4v-2zm16 0H8v2h12v-2z\" fill=\"currentColor\"><\/path><\/svg><svg style=\"fill: #1e73be;color:#1e73be\" class=\"arrow-unsorted-368013\" xmlns=\"http:\/\/www.w3.org\/2000\/svg\" width=\"10px\" height=\"10px\" viewBox=\"0 0 24 24\" version=\"1.2\" baseProfile=\"tiny\"><path d=\"M18.2 9.3l-6.2-6.3-6.2 6.3c-.2.2-.3.4-.3.7s.1.5.3.7c.2.2.4.3.7.3h11c.3 0 .5-.1.7-.3.2-.2.3-.5.3-.7s-.1-.5-.3-.7zM5.8 14.7l6.2 6.3 6.2-6.3c.2-.2.3-.5.3-.7s-.1-.5-.3-.7c-.2-.2-.4-.3-.7-.3h-11c-.3 0-.5.1-.7.3-.2.2-.3.5-.3.7s.1.5.3.7z\"\/><\/svg><\/span><\/span><\/span><\/a><\/span><\/div>\n<nav><ul class='ez-toc-list ez-toc-list-level-1 ' ><li class='ez-toc-page-1 ez-toc-heading-level-2'><a class=\"ez-toc-link ez-toc-heading-1\" href=\"https:\/\/materialdeescalada.com\/blog\/white-friday-la-luz-en-la-montana-escalada\/#White-Friday-28-29-de-febrero\" >White Friday 28-29 de febrero<\/a><\/li><li class='ez-toc-page-1 ez-toc-heading-level-2'><a class=\"ez-toc-link ez-toc-heading-2\" href=\"https:\/\/materialdeescalada.com\/blog\/white-friday-la-luz-en-la-montana-escalada\/#La-luz-llega-a-la-montana-y-la-escalada\" >La luz llega a la monta\u00f1a y la escalada<\/a><\/li><\/ul><\/nav><\/div>\n\n\n\n\n<h2 class=\"wp-block-heading\"><span class=\"ez-toc-section\" id=\"La-luz-llega-a-la-montana-y-la-escalada\"><\/span>La luz llega a la monta\u00f1a y la escalada<span class=\"ez-toc-section-end\"><\/span><\/h2>\n\n\n\n<p>El White Friday en <strong>material de escalada<\/strong>, surgi\u00f3 como no pod\u00eda ser de otra manera de la idea del #black_friday.<\/p>\n\n\n\n<p>En este caso, la idea es asociar la llegada de la luz a nuestro d\u00eda a d\u00eda acerc\u00e1ndonos al equinoccio de primavera, donde la luz del d\u00eda empieza a ser mayor que la oscuridad.<\/p>\n\n\n\n<div class=\"wp-block-image\"><figure class=\"aligncenter\"><a href=\"https:\/\/materialdeescalada.com\/es\/\" target=\"_blank\" rel=\"noopener noreferrer\"><img data-recalc-dims=\"1\" loading=\"lazy\" decoding=\"async\" width=\"800\" height=\"800\" data-attachment-id=\"9664\" data-permalink=\"https:\/\/materialdeescalada.com\/blog\/white-friday-la-luz-en-la-montana-escalada\/llega-la-primavera\/\" data-orig-file=\"https:\/\/i0.wp.com\/materialdeescalada.com\/blog\/wp-content\/uploads\/2017\/02\/LLega-la-primavera.png?fit=1080%2C1080&amp;ssl=1\" data-orig-size=\"1080,1080\" data-comments-opened=\"1\" data-image-meta=\"{&quot;aperture&quot;:&quot;0&quot;,&quot;credit&quot;:&quot;&quot;,&quot;camera&quot;:&quot;&quot;,&quot;caption&quot;:&quot;&quot;,&quot;created_timestamp&quot;:&quot;0&quot;,&quot;copyright&quot;:&quot;&quot;,&quot;focal_length&quot;:&quot;0&quot;,&quot;iso&quot;:&quot;0&quot;,&quot;shutter_speed&quot;:&quot;0&quot;,&quot;title&quot;:&quot;&quot;,&quot;orientation&quot;:&quot;0&quot;}\" data-image-title=\"LLega la primavera\" data-image-description=\"\" data-image-caption=\"\" data-large-file=\"https:\/\/i0.wp.com\/materialdeescalada.com\/blog\/wp-content\/uploads\/2017\/02\/LLega-la-primavera.png?fit=800%2C800&amp;ssl=1\" src=\"https:\/\/i0.wp.com\/materialdeescalada.com\/blog\/wp-content\/uploads\/2017\/02\/LLega-la-primavera.png?resize=800%2C800&#038;ssl=1\" alt=\"\" class=\"wp-image-9664\" srcset=\"https:\/\/i0.wp.com\/materialdeescalada.com\/blog\/wp-content\/uploads\/2017\/02\/LLega-la-primavera.png?resize=1024%2C1024&amp;ssl=1 1024w, https:\/\/i0.wp.com\/materialdeescalada.com\/blog\/wp-content\/uploads\/2017\/02\/LLega-la-primavera.png?resize=300%2C300&amp;ssl=1 300w, https:\/\/i0.wp.com\/materialdeescalada.com\/blog\/wp-content\/uploads\/2017\/02\/LLega-la-primavera.png?resize=150%2C150&amp;ssl=1 150w, https:\/\/i0.wp.com\/materialdeescalada.com\/blog\/wp-content\/uploads\/2017\/02\/LLega-la-primavera.png?resize=768%2C768&amp;ssl=1 768w, https:\/\/i0.wp.com\/materialdeescalada.com\/blog\/wp-content\/uploads\/2017\/02\/LLega-la-primavera.png?w=1080&amp;ssl=1 1080w\" sizes=\"auto, (max-width: 800px) 100vw, 800px\" \/><\/a><\/figure><\/div>\n\n\n\n<p>Este a\u00f1o seguimos con nuestra promoci\u00f3n de fin de temporada White Friday en la tienda f\u00edsica y <a href=\"https:\/\/materialdeescalada.com\/es\/\" target=\"_blank\" rel=\"noopener noreferrer\">Tienda online<\/a><\/p>\n\n\n\n<p>En estos 2 d\u00edas hemos preparado varias promociones para monta\u00f1eros exigentes.<\/p>\n\n\n\n<blockquote class=\"wp-block-quote is-layout-flow wp-block-quote-is-layout-flow\"><p>DTO 151,96\u20ac Chaqueta Gore-tex Mammut 3 capas <a rel=\"noopener noreferrer\" href=\"https:\/\/materialdeescalada.com\/es\/hombre-chaquetas-chaqueta-tecnica\/2792-mammut-crater-hs-hooded-jacket-goretex-men.html\" target=\"_blank\">MAMMUT CRATER HS HOODED JACKET GORETEX MEN&nbsp;<\/a><\/p><p>DTO <a rel=\"noopener noreferrer\" href=\"https:\/\/materialdeescalada.com\/es\/material-escalada-cuerdas-de-escalada\/4518-cuerda-escalada-mammut-eternity-9-8-classic-80m-2019.html\" target=\"_blank\">24\u20ac Cuerda Eternity 80m 9,8mm&nbsp; Mammut.&nbsp;<\/a><\/p><p>DTO <a rel=\"noopener noreferrer\" href=\"https:\/\/materialdeescalada.com\/es\/material-escalada-cuerdas-de-escalada\/4323-cuerda-escalada-mammut-infinity-9-5-classic-80m-2019.html\" target=\"_blank\">24\u20ac Cuerda Infinity 80m 9,5mm Mammut.&nbsp;<\/a><\/p><p>DTO <a rel=\"noreferrer noopener\" aria-label=\"32\u20ac Zapatilla DOLOMITE Crodarossa GTX (se abre en una nueva pesta\u00f1a)\" href=\"https:\/\/materialdeescalada.com\/es\/calzado-calzado-hombre-calzado-multideporte\/4024-zapatillas-trekking-dolomite-crodarossa-low-gtx-asphalt-grey.html\" target=\"_blank\">32\u20ac Zapatilla DOLOMITE Crodarossa GTX<\/a>&nbsp;<\/p><\/blockquote>\n<\/div><\/div>\n\n\n\n<div class=\"wp-block-image\"><figure class=\"aligncenter size-large\"><img data-recalc-dims=\"1\" loading=\"lazy\" decoding=\"async\" width=\"576\" height=\"1024\" data-attachment-id=\"9453\" data-permalink=\"https:\/\/materialdeescalada.com\/blog\/frase-insta-mauriz-herzog\/\" data-orig-file=\"https:\/\/i0.wp.com\/materialdeescalada.com\/blog\/wp-content\/uploads\/2019\/02\/Frase-INSTA-Mauriz-Herzog.png?fit=1080%2C1920&amp;ssl=1\" data-orig-size=\"1080,1920\" data-comments-opened=\"1\" data-image-meta=\"{&quot;aperture&quot;:&quot;0&quot;,&quot;credit&quot;:&quot;&quot;,&quot;camera&quot;:&quot;&quot;,&quot;caption&quot;:&quot;&quot;,&quot;created_timestamp&quot;:&quot;0&quot;,&quot;copyright&quot;:&quot;&quot;,&quot;focal_length&quot;:&quot;0&quot;,&quot;iso&quot;:&quot;0&quot;,&quot;shutter_speed&quot;:&quot;0&quot;,&quot;title&quot;:&quot;&quot;,&quot;orientation&quot;:&quot;0&quot;}\" data-image-title=\"Frase INSTA Mauriz Herzog\" data-image-description=\"\" data-image-caption=\"\" data-large-file=\"https:\/\/i0.wp.com\/materialdeescalada.com\/blog\/wp-content\/uploads\/2019\/02\/Frase-INSTA-Mauriz-Herzog.png?fit=576%2C1024&amp;ssl=1\" src=\"https:\/\/i0.wp.com\/materialdeescalada.com\/blog\/wp-content\/uploads\/2019\/02\/Frase-INSTA-Mauriz-Herzog.png?resize=576%2C1024&#038;ssl=1\" alt=\"\" class=\"wp-image-9453\" srcset=\"https:\/\/i0.wp.com\/materialdeescalada.com\/blog\/wp-content\/uploads\/2019\/02\/Frase-INSTA-Mauriz-Herzog.png?resize=576%2C1024&amp;ssl=1 576w, https:\/\/i0.wp.com\/materialdeescalada.com\/blog\/wp-content\/uploads\/2019\/02\/Frase-INSTA-Mauriz-Herzog.png?resize=169%2C300&amp;ssl=1 169w, https:\/\/i0.wp.com\/materialdeescalada.com\/blog\/wp-content\/uploads\/2019\/02\/Frase-INSTA-Mauriz-Herzog.png?resize=768%2C1365&amp;ssl=1 768w, https:\/\/i0.wp.com\/materialdeescalada.com\/blog\/wp-content\/uploads\/2019\/02\/Frase-INSTA-Mauriz-Herzog.png?w=1080&amp;ssl=1 1080w\" sizes=\"auto, (max-width: 576px) 100vw, 576px\" \/><\/figure><\/div>\n","protected":false},"excerpt":{"rendered":"<p>El White Friday en material de escalada, surgi\u00f3 como no pod\u00eda ser de otra manera de la idea del #black_friday.<br \/>\nEn este caso, la idea es asociar la llegada de la luz a nuestro d\u00eda a d\u00eda acerc\u00e1ndonos al equinoccio de primavera, donde la luz del d\u00eda empieza a ser mayor que la oscuridad.<\/p>\n","protected":false},"author":2,"featured_media":9664,"comment_status":"open","ping_status":"open","sticky":false,"template":"","format":"standard","meta":{"_eb_attr":"","jetpack_post_was_ever_published":false,"_jetpack_newsletter_access":"","_jetpack_dont_email_post_to_subs":false,"_jetpack_newsletter_tier_id":0,"_jetpack_memberships_contains_paywalled_content":false,"_jetpack_memberships_contains_paid_content":false,"footnotes":"","jetpack_publicize_message":"","jetpack_publicize_feature_enabled":true,"jetpack_social_post_already_shared":true,"jetpack_social_options":{"image_generator_settings":{"template":"highway","default_image_id":0,"font":"","enabled":false},"version":2}},"categories":[10,28],"tags":[9,20,274,17,21],"class_list":["post-8051","post","type-post","status-publish","format-standard","has-post-thumbnail","hentry","category-material","category-noticias","tag-material-de-escalada","tag-material-de-montana","tag-senderismo","tag-travesias","tag-trekking"],"yoast_head":"<!-- This site is optimized with the Yoast SEO plugin v27.5 - https:\/\/yoast.com\/product\/yoast-seo-wordpress\/ -->\n<title>White Friday - La luz llega a la monta\u00f1a y la escalada<\/title>\n<meta name=\"description\" content=\"El White Friday en material de escalada, surgi\u00f3 como no pod\u00eda ser de otra manera de la idea del #black_friday\" \/>\n<meta name=\"robots\" content=\"index, follow, max-snippet:-1, max-image-preview:large, max-video-preview:-1\" \/>\n<link rel=\"canonical\" href=\"https:\/\/materialdeescalada.com\/blog\/white-friday-la-luz-en-la-montana-escalada\/\" \/>\n<meta property=\"og:locale\" content=\"es_ES\" \/>\n<meta property=\"og:type\" content=\"article\" \/>\n<meta property=\"og:title\" content=\"White Friday - La luz llega a la monta\u00f1a y la escalada\" \/>\n<meta property=\"og:description\" content=\"El White Friday en material de escalada, surgi\u00f3 como no pod\u00eda ser de otra manera de la idea del #black_friday\" \/>\n<meta property=\"og:url\" content=\"https:\/\/materialdeescalada.com\/blog\/white-friday-la-luz-en-la-montana-escalada\/\" \/>\n<meta property=\"og:site_name\" content=\"Blog Material de escalada: Novedades, Asesoramiento..\" \/>\n<meta property=\"article:publisher\" content=\"https:\/\/www.facebook.com\/materialdeescalada\/\" \/>\n<meta property=\"article:author\" content=\"https:\/\/facebook.com\/materialdeescalada\/\" \/>\n<meta property=\"article:published_time\" content=\"2020-02-25T13:26:00+00:00\" \/>\n<meta property=\"article:modified_time\" content=\"2020-02-25T14:13:28+00:00\" \/>\n<meta property=\"og:image\" content=\"https:\/\/i0.wp.com\/materialdeescalada.com\/blog\/wp-content\/uploads\/2017\/02\/LLega-la-primavera.png?fit=1080%2C1080&ssl=1\" \/>\n\t<meta property=\"og:image:width\" content=\"1080\" \/>\n\t<meta property=\"og:image:height\" content=\"1080\" \/>\n\t<meta property=\"og:image:type\" content=\"image\/png\" \/>\n<meta name=\"author\" content=\"fbeltran\" \/>\n<meta name=\"twitter:card\" content=\"summary_large_image\" \/>\n<meta name=\"twitter:creator\" content=\"@matescalada\" \/>\n<meta name=\"twitter:site\" content=\"@matescalada\" \/>\n<meta name=\"twitter:label1\" content=\"Escrito por\" \/>\n\t<meta name=\"twitter:data1\" content=\"fbeltran\" \/>\n\t<meta name=\"twitter:label2\" content=\"Tiempo de lectura\" \/>\n\t<meta name=\"twitter:data2\" content=\"1 minuto\" \/>\n<script type=\"application\/ld+json\" class=\"yoast-schema-graph\">{\"@context\":\"https:\\\/\\\/schema.org\",\"@graph\":[{\"@type\":\"Article\",\"@id\":\"https:\\\/\\\/materialdeescalada.com\\\/blog\\\/white-friday-la-luz-en-la-montana-escalada\\\/#article\",\"isPartOf\":{\"@id\":\"https:\\\/\\\/materialdeescalada.com\\\/blog\\\/white-friday-la-luz-en-la-montana-escalada\\\/\"},\"author\":{\"name\":\"fbeltran\",\"@id\":\"https:\\\/\\\/materialdeescalada.com\\\/blog\\\/#\\\/schema\\\/person\\\/746cd51f33a918500ec9c70882bc2784\"},\"headline\":\"White Friday &#8211; La luz llega a la monta\u00f1a y la escalada\",\"datePublished\":\"2020-02-25T13:26:00+00:00\",\"dateModified\":\"2020-02-25T14:13:28+00:00\",\"mainEntityOfPage\":{\"@id\":\"https:\\\/\\\/materialdeescalada.com\\\/blog\\\/white-friday-la-luz-en-la-montana-escalada\\\/\"},\"wordCount\":156,\"commentCount\":0,\"publisher\":{\"@id\":\"https:\\\/\\\/materialdeescalada.com\\\/blog\\\/#organization\"},\"image\":{\"@id\":\"https:\\\/\\\/materialdeescalada.com\\\/blog\\\/white-friday-la-luz-en-la-montana-escalada\\\/#primaryimage\"},\"thumbnailUrl\":\"https:\\\/\\\/i0.wp.com\\\/materialdeescalada.com\\\/blog\\\/wp-content\\\/uploads\\\/2017\\\/02\\\/LLega-la-primavera.png?fit=1080%2C1080&ssl=1\",\"keywords\":[\"material de escalada\",\"material de monta\u00f1a\",\"Material Senderismo\",\"travesias\",\"trekking\"],\"articleSection\":[\"Material\",\"Noticias\"],\"inLanguage\":\"es\",\"potentialAction\":[{\"@type\":\"CommentAction\",\"name\":\"Comment\",\"target\":[\"https:\\\/\\\/materialdeescalada.com\\\/blog\\\/white-friday-la-luz-en-la-montana-escalada\\\/#respond\"]}]},{\"@type\":\"WebPage\",\"@id\":\"https:\\\/\\\/materialdeescalada.com\\\/blog\\\/white-friday-la-luz-en-la-montana-escalada\\\/\",\"url\":\"https:\\\/\\\/materialdeescalada.com\\\/blog\\\/white-friday-la-luz-en-la-montana-escalada\\\/\",\"name\":\"White Friday - La luz llega a la monta\u00f1a y la escalada\",\"isPartOf\":{\"@id\":\"https:\\\/\\\/materialdeescalada.com\\\/blog\\\/#website\"},\"primaryImageOfPage\":{\"@id\":\"https:\\\/\\\/materialdeescalada.com\\\/blog\\\/white-friday-la-luz-en-la-montana-escalada\\\/#primaryimage\"},\"image\":{\"@id\":\"https:\\\/\\\/materialdeescalada.com\\\/blog\\\/white-friday-la-luz-en-la-montana-escalada\\\/#primaryimage\"},\"thumbnailUrl\":\"https:\\\/\\\/i0.wp.com\\\/materialdeescalada.com\\\/blog\\\/wp-content\\\/uploads\\\/2017\\\/02\\\/LLega-la-primavera.png?fit=1080%2C1080&ssl=1\",\"datePublished\":\"2020-02-25T13:26:00+00:00\",\"dateModified\":\"2020-02-25T14:13:28+00:00\",\"description\":\"El White Friday en material de escalada, surgi\u00f3 como no pod\u00eda ser de otra manera de la idea del #black_friday\",\"breadcrumb\":{\"@id\":\"https:\\\/\\\/materialdeescalada.com\\\/blog\\\/white-friday-la-luz-en-la-montana-escalada\\\/#breadcrumb\"},\"inLanguage\":\"es\",\"potentialAction\":[{\"@type\":\"ReadAction\",\"target\":[\"https:\\\/\\\/materialdeescalada.com\\\/blog\\\/white-friday-la-luz-en-la-montana-escalada\\\/\"]}]},{\"@type\":\"ImageObject\",\"inLanguage\":\"es\",\"@id\":\"https:\\\/\\\/materialdeescalada.com\\\/blog\\\/white-friday-la-luz-en-la-montana-escalada\\\/#primaryimage\",\"url\":\"https:\\\/\\\/i0.wp.com\\\/materialdeescalada.com\\\/blog\\\/wp-content\\\/uploads\\\/2017\\\/02\\\/LLega-la-primavera.png?fit=1080%2C1080&ssl=1\",\"contentUrl\":\"https:\\\/\\\/i0.wp.com\\\/materialdeescalada.com\\\/blog\\\/wp-content\\\/uploads\\\/2017\\\/02\\\/LLega-la-primavera.png?fit=1080%2C1080&ssl=1\",\"width\":1080,\"height\":1080},{\"@type\":\"BreadcrumbList\",\"@id\":\"https:\\\/\\\/materialdeescalada.com\\\/blog\\\/white-friday-la-luz-en-la-montana-escalada\\\/#breadcrumb\",\"itemListElement\":[{\"@type\":\"ListItem\",\"position\":1,\"name\":\"Portada\",\"item\":\"https:\\\/\\\/materialdeescalada.com\\\/blog\\\/\"},{\"@type\":\"ListItem\",\"position\":2,\"name\":\"White Friday &#8211; La luz llega a la monta\u00f1a y la escalada\"}]},{\"@type\":\"WebSite\",\"@id\":\"https:\\\/\\\/materialdeescalada.com\\\/blog\\\/#website\",\"url\":\"https:\\\/\\\/materialdeescalada.com\\\/blog\\\/\",\"name\":\"Blog Material de escalada: asesoramiento Tecnico, Novedades...\",\"description\":\"Blog novedades de material de escalada  y trekking, botas de monta\u00f1a, historias de monta\u00f1a\",\"publisher\":{\"@id\":\"https:\\\/\\\/materialdeescalada.com\\\/blog\\\/#organization\"},\"alternateName\":\"Blog de la tienda de monta\u00f1a Material de Escalada\",\"potentialAction\":[{\"@type\":\"SearchAction\",\"target\":{\"@type\":\"EntryPoint\",\"urlTemplate\":\"https:\\\/\\\/materialdeescalada.com\\\/blog\\\/?s={search_term_string}\"},\"query-input\":{\"@type\":\"PropertyValueSpecification\",\"valueRequired\":true,\"valueName\":\"search_term_string\"}}],\"inLanguage\":\"es\"},{\"@type\":\"Organization\",\"@id\":\"https:\\\/\\\/materialdeescalada.com\\\/blog\\\/#organization\",\"name\":\"Material de Escalada - Monta\u00f1a - Escalada - Trekking MET\",\"alternateName\":\"Blog de la tienda de monta\u00f1a Material de Escalada\",\"url\":\"https:\\\/\\\/materialdeescalada.com\\\/blog\\\/\",\"logo\":{\"@type\":\"ImageObject\",\"inLanguage\":\"es\",\"@id\":\"https:\\\/\\\/materialdeescalada.com\\\/blog\\\/#\\\/schema\\\/logo\\\/image\\\/\",\"url\":\"https:\\\/\\\/i0.wp.com\\\/materialdeescalada.com\\\/blog\\\/wp-content\\\/uploads\\\/2025\\\/07\\\/Montana-Escalada-Trekking-e1752771183106.png?fit=500%2C500&ssl=1\",\"contentUrl\":\"https:\\\/\\\/i0.wp.com\\\/materialdeescalada.com\\\/blog\\\/wp-content\\\/uploads\\\/2025\\\/07\\\/Montana-Escalada-Trekking-e1752771183106.png?fit=500%2C500&ssl=1\",\"width\":500,\"height\":500,\"caption\":\"Material de Escalada - Monta\u00f1a - Escalada - Trekking MET\"},\"image\":{\"@id\":\"https:\\\/\\\/materialdeescalada.com\\\/blog\\\/#\\\/schema\\\/logo\\\/image\\\/\"},\"sameAs\":[\"https:\\\/\\\/www.facebook.com\\\/materialdeescalada\\\/\",\"https:\\\/\\\/x.com\\\/matescalada\",\"https:\\\/\\\/www.instagram.com\\\/materialdeescalada\\\/\",\"https:\\\/\\\/www.linkedin.com\\\/company\\\/material-de-escalada\\\/\",\"https:\\\/\\\/www.pinterest.es\\\/equipoescalada\\\/_saved\\\/\",\"https:\\\/\\\/www.youtube.com\\\/channel\\\/UC1kmDJaBg6oBAmP5wEHPr9g\",\"https:\\\/\\\/www.tiktok.com\\\/@materialdeescalada\"]},{\"@type\":\"Person\",\"@id\":\"https:\\\/\\\/materialdeescalada.com\\\/blog\\\/#\\\/schema\\\/person\\\/746cd51f33a918500ec9c70882bc2784\",\"name\":\"fbeltran\",\"image\":{\"@type\":\"ImageObject\",\"inLanguage\":\"es\",\"@id\":\"https:\\\/\\\/secure.gravatar.com\\\/avatar\\\/0bdf79ee2b41322b232e3eb98e84ce9ceba4a372e0438ea0aca62b1cfa25cc39?s=96&d=blank&r=g\",\"url\":\"https:\\\/\\\/secure.gravatar.com\\\/avatar\\\/0bdf79ee2b41322b232e3eb98e84ce9ceba4a372e0438ea0aca62b1cfa25cc39?s=96&d=blank&r=g\",\"contentUrl\":\"https:\\\/\\\/secure.gravatar.com\\\/avatar\\\/0bdf79ee2b41322b232e3eb98e84ce9ceba4a372e0438ea0aca62b1cfa25cc39?s=96&d=blank&r=g\",\"caption\":\"fbeltran\"},\"description\":\"FILOSOF\u00cdA; LO QUE HACEMOS, C\u00d3MO LO HACEMOS, Y A QU\u00c9 ASPIRAMOS Son m\u00e1s de 30 a\u00f1os haciendo amigos en la monta\u00f1a, este es el tiempo que llevamos con vosotros, cuando empezamos nuestra andadura el 15-9-1988, los deportes de monta\u00f1a solo los practic\u00e1bamos algunos colgados a los que la monta\u00f1a cautiv\u00f3. Cada uno tuvo un motivo para acercarse a la llamada de la naturaleza, reencontramos nuestras ra\u00edces y vivimos momentos intensos llenos de buenas experiencias. Hemos hecho grandes amigos en las zonas de escalada, en los refugios y en las rutas. Siempre hay complicidad, no sientes soledad, aunque hayas acudido solo a una ruta. Encontramos nuevos conocidos que no tienen ning\u00fan reparo en compartir su experiencia y su compa\u00f1\u00eda. Ahora salir al monte es una actividad de masas y de ah\u00ed la necesidad de mayor educaci\u00f3n para todos los usuarios del medio natural. Debemos de intentar disfrutar de estos espacios privilegiados sin degradarlos, e intentando minimizar los impactos. Creemos que todos podemos aportar nuestro grano de arena a la protecci\u00f3n del medio y al desarrollo sostenible. Apostamos por proveedores que tengan esa sensibilidad y responsabilidad social. De una u otra forma sabemos que el poder reside en la persona. Cuando eliges lo que usas, eliges si estas en el nivel adecuado de sensibilidad con el medio natural o no lo est\u00e1s. Creemos en el mantenimiento y desarrollo de la econom\u00eda local, y como comercio local, apostamos por proveedores de nuestro entorno, que dan trabajo y prosperidad de forma sostenible y justa a nuestros paisanos. LA RESPONSABILIDAD de Cuidar el Medio Natural COMO DEC\u00cdA EL JEFE SEATTLE (nativos americanos): \u201cDeb\u00e9is ense\u00f1ar a vuestros hijos lo que nosotros hemos ense\u00f1ado a los nuestros: que la tierra es nuestra madre. Todo lo que afecta a la tierra afecta a los hijos de la tierra. Cuando los hombres escupen en el suelo se escupen a s\u00ed mismos.\u201d Carta completa del Jefe Seattle En MATERIAL DE ESCALADA hacemos nuestra esta filosof\u00eda de trabajo: LO QUE HACEMOS Y C\u00d3MO LO HACEMOS en Agujetas Material de escalada... Extra\u00eddo de memorias y reflexiones de Yvon Chouinar (Fundador de Black Diamomd y Patagonia) del Libro QUE MI GENTE VAYA A HACER SURF, en unos de sus p\u00e1rrafos hace referencia a un cat\u00e1logo Sueco de material de escalada, hacemos nuestro el mensaje, y dice as\u00ed; Lo que tomamos, lo que hacemos y c\u00f3mo lo hacemos, lo que desechamos, todo es en suma una cuesti\u00f3n \u00e9tica. Tenemos una responsabilidad ilimitada con el todo. Una responsabilidad que tratamos de asumir, aunque no siempre lo logramos. Una parte de esa responsabilidad es la calidad de los productos y el tiempo que mantendr\u00e1 sus prestaciones. Seleccionar productos de alta calidad es un modo de mostrar respeto y responsabilidad hacia el usuario del producto. Un producto de alta calidad en manos de alguien que sabe usarlo, mantendr\u00e1 sus prestaciones por mucho m\u00e1s tiempo. Eso es bueno para su due\u00f1o. Pero tambi\u00e9n es bueno como parte de un todo m\u00e1s amplio: m\u00e1s durabilidad, significa que tomamos menos (menor consumo energ\u00e9tico), mayor confort (menos molestias al usarlo), m\u00e1s seguridad (mayor confianza), se destruye menos (generamos menos residuos), en fin, es bueno con el todo.\",\"sameAs\":[\"http:\\\/\\\/www.materialdeescalada.com\",\"https:\\\/\\\/facebook.com\\\/materialdeescalada\\\/\",\"https:\\\/\\\/instagram.com\\\/materialdeescalada\\\/\",\"https:\\\/\\\/x.com\\\/@matescalada\"]}]}<\/script>\n<!-- \/ Yoast SEO plugin. -->","yoast_head_json":{"title":"White Friday - La luz llega a la monta\u00f1a y la escalada","description":"El White Friday en material de escalada, surgi\u00f3 como no pod\u00eda ser de otra manera de la idea del #black_friday","robots":{"index":"index","follow":"follow","max-snippet":"max-snippet:-1","max-image-preview":"max-image-preview:large","max-video-preview":"max-video-preview:-1"},"canonical":"https:\/\/materialdeescalada.com\/blog\/white-friday-la-luz-en-la-montana-escalada\/","og_locale":"es_ES","og_type":"article","og_title":"White Friday - La luz llega a la monta\u00f1a y la escalada","og_description":"El White Friday en material de escalada, surgi\u00f3 como no pod\u00eda ser de otra manera de la idea del #black_friday","og_url":"https:\/\/materialdeescalada.com\/blog\/white-friday-la-luz-en-la-montana-escalada\/","og_site_name":"Blog Material de escalada: Novedades, Asesoramiento..","article_publisher":"https:\/\/www.facebook.com\/materialdeescalada\/","article_author":"https:\/\/facebook.com\/materialdeescalada\/","article_published_time":"2020-02-25T13:26:00+00:00","article_modified_time":"2020-02-25T14:13:28+00:00","og_image":[{"width":1080,"height":1080,"url":"https:\/\/i0.wp.com\/materialdeescalada.com\/blog\/wp-content\/uploads\/2017\/02\/LLega-la-primavera.png?fit=1080%2C1080&ssl=1","type":"image\/png"}],"author":"fbeltran","twitter_card":"summary_large_image","twitter_creator":"@matescalada","twitter_site":"@matescalada","twitter_misc":{"Escrito por":"fbeltran","Tiempo de lectura":"1 minuto"},"schema":{"@context":"https:\/\/schema.org","@graph":[{"@type":"Article","@id":"https:\/\/materialdeescalada.com\/blog\/white-friday-la-luz-en-la-montana-escalada\/#article","isPartOf":{"@id":"https:\/\/materialdeescalada.com\/blog\/white-friday-la-luz-en-la-montana-escalada\/"},"author":{"name":"fbeltran","@id":"https:\/\/materialdeescalada.com\/blog\/#\/schema\/person\/746cd51f33a918500ec9c70882bc2784"},"headline":"White Friday &#8211; La luz llega a la monta\u00f1a y la escalada","datePublished":"2020-02-25T13:26:00+00:00","dateModified":"2020-02-25T14:13:28+00:00","mainEntityOfPage":{"@id":"https:\/\/materialdeescalada.com\/blog\/white-friday-la-luz-en-la-montana-escalada\/"},"wordCount":156,"commentCount":0,"publisher":{"@id":"https:\/\/materialdeescalada.com\/blog\/#organization"},"image":{"@id":"https:\/\/materialdeescalada.com\/blog\/white-friday-la-luz-en-la-montana-escalada\/#primaryimage"},"thumbnailUrl":"https:\/\/i0.wp.com\/materialdeescalada.com\/blog\/wp-content\/uploads\/2017\/02\/LLega-la-primavera.png?fit=1080%2C1080&ssl=1","keywords":["material de escalada","material de monta\u00f1a","Material Senderismo","travesias","trekking"],"articleSection":["Material","Noticias"],"inLanguage":"es","potentialAction":[{"@type":"CommentAction","name":"Comment","target":["https:\/\/materialdeescalada.com\/blog\/white-friday-la-luz-en-la-montana-escalada\/#respond"]}]},{"@type":"WebPage","@id":"https:\/\/materialdeescalada.com\/blog\/white-friday-la-luz-en-la-montana-escalada\/","url":"https:\/\/materialdeescalada.com\/blog\/white-friday-la-luz-en-la-montana-escalada\/","name":"White Friday - La luz llega a la monta\u00f1a y la escalada","isPartOf":{"@id":"https:\/\/materialdeescalada.com\/blog\/#website"},"primaryImageOfPage":{"@id":"https:\/\/materialdeescalada.com\/blog\/white-friday-la-luz-en-la-montana-escalada\/#primaryimage"},"image":{"@id":"https:\/\/materialdeescalada.com\/blog\/white-friday-la-luz-en-la-montana-escalada\/#primaryimage"},"thumbnailUrl":"https:\/\/i0.wp.com\/materialdeescalada.com\/blog\/wp-content\/uploads\/2017\/02\/LLega-la-primavera.png?fit=1080%2C1080&ssl=1","datePublished":"2020-02-25T13:26:00+00:00","dateModified":"2020-02-25T14:13:28+00:00","description":"El White Friday en material de escalada, surgi\u00f3 como no pod\u00eda ser de otra manera de la idea del #black_friday","breadcrumb":{"@id":"https:\/\/materialdeescalada.com\/blog\/white-friday-la-luz-en-la-montana-escalada\/#breadcrumb"},"inLanguage":"es","potentialAction":[{"@type":"ReadAction","target":["https:\/\/materialdeescalada.com\/blog\/white-friday-la-luz-en-la-montana-escalada\/"]}]},{"@type":"ImageObject","inLanguage":"es","@id":"https:\/\/materialdeescalada.com\/blog\/white-friday-la-luz-en-la-montana-escalada\/#primaryimage","url":"https:\/\/i0.wp.com\/materialdeescalada.com\/blog\/wp-content\/uploads\/2017\/02\/LLega-la-primavera.png?fit=1080%2C1080&ssl=1","contentUrl":"https:\/\/i0.wp.com\/materialdeescalada.com\/blog\/wp-content\/uploads\/2017\/02\/LLega-la-primavera.png?fit=1080%2C1080&ssl=1","width":1080,"height":1080},{"@type":"BreadcrumbList","@id":"https:\/\/materialdeescalada.com\/blog\/white-friday-la-luz-en-la-montana-escalada\/#breadcrumb","itemListElement":[{"@type":"ListItem","position":1,"name":"Portada","item":"https:\/\/materialdeescalada.com\/blog\/"},{"@type":"ListItem","position":2,"name":"White Friday &#8211; La luz llega a la monta\u00f1a y la escalada"}]},{"@type":"WebSite","@id":"https:\/\/materialdeescalada.com\/blog\/#website","url":"https:\/\/materialdeescalada.com\/blog\/","name":"Blog Material de escalada: asesoramiento Tecnico, Novedades...","description":"Blog novedades de material de escalada  y trekking, botas de monta\u00f1a, historias de monta\u00f1a","publisher":{"@id":"https:\/\/materialdeescalada.com\/blog\/#organization"},"alternateName":"Blog de la tienda de monta\u00f1a Material de Escalada","potentialAction":[{"@type":"SearchAction","target":{"@type":"EntryPoint","urlTemplate":"https:\/\/materialdeescalada.com\/blog\/?s={search_term_string}"},"query-input":{"@type":"PropertyValueSpecification","valueRequired":true,"valueName":"search_term_string"}}],"inLanguage":"es"},{"@type":"Organization","@id":"https:\/\/materialdeescalada.com\/blog\/#organization","name":"Material de Escalada - Monta\u00f1a - Escalada - Trekking MET","alternateName":"Blog de la tienda de monta\u00f1a Material de Escalada","url":"https:\/\/materialdeescalada.com\/blog\/","logo":{"@type":"ImageObject","inLanguage":"es","@id":"https:\/\/materialdeescalada.com\/blog\/#\/schema\/logo\/image\/","url":"https:\/\/i0.wp.com\/materialdeescalada.com\/blog\/wp-content\/uploads\/2025\/07\/Montana-Escalada-Trekking-e1752771183106.png?fit=500%2C500&ssl=1","contentUrl":"https:\/\/i0.wp.com\/materialdeescalada.com\/blog\/wp-content\/uploads\/2025\/07\/Montana-Escalada-Trekking-e1752771183106.png?fit=500%2C500&ssl=1","width":500,"height":500,"caption":"Material de Escalada - Monta\u00f1a - Escalada - Trekking MET"},"image":{"@id":"https:\/\/materialdeescalada.com\/blog\/#\/schema\/logo\/image\/"},"sameAs":["https:\/\/www.facebook.com\/materialdeescalada\/","https:\/\/x.com\/matescalada","https:\/\/www.instagram.com\/materialdeescalada\/","https:\/\/www.linkedin.com\/company\/material-de-escalada\/","https:\/\/www.pinterest.es\/equipoescalada\/_saved\/","https:\/\/www.youtube.com\/channel\/UC1kmDJaBg6oBAmP5wEHPr9g","https:\/\/www.tiktok.com\/@materialdeescalada"]},{"@type":"Person","@id":"https:\/\/materialdeescalada.com\/blog\/#\/schema\/person\/746cd51f33a918500ec9c70882bc2784","name":"fbeltran","image":{"@type":"ImageObject","inLanguage":"es","@id":"https:\/\/secure.gravatar.com\/avatar\/0bdf79ee2b41322b232e3eb98e84ce9ceba4a372e0438ea0aca62b1cfa25cc39?s=96&d=blank&r=g","url":"https:\/\/secure.gravatar.com\/avatar\/0bdf79ee2b41322b232e3eb98e84ce9ceba4a372e0438ea0aca62b1cfa25cc39?s=96&d=blank&r=g","contentUrl":"https:\/\/secure.gravatar.com\/avatar\/0bdf79ee2b41322b232e3eb98e84ce9ceba4a372e0438ea0aca62b1cfa25cc39?s=96&d=blank&r=g","caption":"fbeltran"},"description":"FILOSOF\u00cdA; LO QUE HACEMOS, C\u00d3MO LO HACEMOS, Y A QU\u00c9 ASPIRAMOS Son m\u00e1s de 30 a\u00f1os haciendo amigos en la monta\u00f1a, este es el tiempo que llevamos con vosotros, cuando empezamos nuestra andadura el 15-9-1988, los deportes de monta\u00f1a solo los practic\u00e1bamos algunos colgados a los que la monta\u00f1a cautiv\u00f3. Cada uno tuvo un motivo para acercarse a la llamada de la naturaleza, reencontramos nuestras ra\u00edces y vivimos momentos intensos llenos de buenas experiencias. Hemos hecho grandes amigos en las zonas de escalada, en los refugios y en las rutas. Siempre hay complicidad, no sientes soledad, aunque hayas acudido solo a una ruta. Encontramos nuevos conocidos que no tienen ning\u00fan reparo en compartir su experiencia y su compa\u00f1\u00eda. Ahora salir al monte es una actividad de masas y de ah\u00ed la necesidad de mayor educaci\u00f3n para todos los usuarios del medio natural. Debemos de intentar disfrutar de estos espacios privilegiados sin degradarlos, e intentando minimizar los impactos. Creemos que todos podemos aportar nuestro grano de arena a la protecci\u00f3n del medio y al desarrollo sostenible. Apostamos por proveedores que tengan esa sensibilidad y responsabilidad social. De una u otra forma sabemos que el poder reside en la persona. Cuando eliges lo que usas, eliges si estas en el nivel adecuado de sensibilidad con el medio natural o no lo est\u00e1s. Creemos en el mantenimiento y desarrollo de la econom\u00eda local, y como comercio local, apostamos por proveedores de nuestro entorno, que dan trabajo y prosperidad de forma sostenible y justa a nuestros paisanos. LA RESPONSABILIDAD de Cuidar el Medio Natural COMO DEC\u00cdA EL JEFE SEATTLE (nativos americanos): \u201cDeb\u00e9is ense\u00f1ar a vuestros hijos lo que nosotros hemos ense\u00f1ado a los nuestros: que la tierra es nuestra madre. Todo lo que afecta a la tierra afecta a los hijos de la tierra. Cuando los hombres escupen en el suelo se escupen a s\u00ed mismos.\u201d Carta completa del Jefe Seattle En MATERIAL DE ESCALADA hacemos nuestra esta filosof\u00eda de trabajo: LO QUE HACEMOS Y C\u00d3MO LO HACEMOS en Agujetas Material de escalada... Extra\u00eddo de memorias y reflexiones de Yvon Chouinar (Fundador de Black Diamomd y Patagonia) del Libro QUE MI GENTE VAYA A HACER SURF, en unos de sus p\u00e1rrafos hace referencia a un cat\u00e1logo Sueco de material de escalada, hacemos nuestro el mensaje, y dice as\u00ed; Lo que tomamos, lo que hacemos y c\u00f3mo lo hacemos, lo que desechamos, todo es en suma una cuesti\u00f3n \u00e9tica. Tenemos una responsabilidad ilimitada con el todo. Una responsabilidad que tratamos de asumir, aunque no siempre lo logramos. Una parte de esa responsabilidad es la calidad de los productos y el tiempo que mantendr\u00e1 sus prestaciones. Seleccionar productos de alta calidad es un modo de mostrar respeto y responsabilidad hacia el usuario del producto. Un producto de alta calidad en manos de alguien que sabe usarlo, mantendr\u00e1 sus prestaciones por mucho m\u00e1s tiempo. Eso es bueno para su due\u00f1o. Pero tambi\u00e9n es bueno como parte de un todo m\u00e1s amplio: m\u00e1s durabilidad, significa que tomamos menos (menor consumo energ\u00e9tico), mayor confort (menos molestias al usarlo), m\u00e1s seguridad (mayor confianza), se destruye menos (generamos menos residuos), en fin, es bueno con el todo.","sameAs":["http:\/\/www.materialdeescalada.com","https:\/\/facebook.com\/materialdeescalada\/","https:\/\/instagram.com\/materialdeescalada\/","https:\/\/x.com\/@matescalada"]}]}},"jetpack_publicize_connections":[],"jetpack_featured_media_url":"https:\/\/i0.wp.com\/materialdeescalada.com\/blog\/wp-content\/uploads\/2017\/02\/LLega-la-primavera.png?fit=1080%2C1080&ssl=1","jetpack_sharing_enabled":true,"jetpack_shortlink":"https:\/\/wp.me\/p42MPM-25R","jetpack-related-posts":[{"id":7181,"url":"https:\/\/materialdeescalada.com\/blog\/montanera-y-madre\/","url_meta":{"origin":8051,"position":0},"title":"Monta\u00f1era y Madre","author":"fbeltran","date":"22 abril, 2022","format":false,"excerpt":"Monta\u00f1era y Madre es la mujer que aprende a disfrutar m\u00e1s intensamente de la naturaleza. Todo empieza con acompa\u00f1ado a su pareja y le despierta la curiosidad de conocer lugares y rincones de las monta\u00f1as. Con el paso del tiempo adquiere m\u00e1s experiencias que la llevan a nuevos retos en\u2026","rel":"","context":"En \u00abMaterial de Escalada\u00bb","block_context":{"text":"Material de Escalada","link":"https:\/\/materialdeescalada.com\/blog\/category\/material\/escalada\/"},"img":{"alt_text":"","src":"https:\/\/i0.wp.com\/materialdeescalada.com\/blog\/wp-content\/uploads\/2022\/04\/DSC01604.jpg?fit=1000%2C750&ssl=1&resize=350%2C200","width":350,"height":200,"srcset":"https:\/\/i0.wp.com\/materialdeescalada.com\/blog\/wp-content\/uploads\/2022\/04\/DSC01604.jpg?fit=1000%2C750&ssl=1&resize=350%2C200 1x, https:\/\/i0.wp.com\/materialdeescalada.com\/blog\/wp-content\/uploads\/2022\/04\/DSC01604.jpg?fit=1000%2C750&ssl=1&resize=525%2C300 1.5x, https:\/\/i0.wp.com\/materialdeescalada.com\/blog\/wp-content\/uploads\/2022\/04\/DSC01604.jpg?fit=1000%2C750&ssl=1&resize=700%2C400 2x"},"classes":[]},{"id":7899,"url":"https:\/\/materialdeescalada.com\/blog\/material-de-escalada-como-se-equipa-un-escalador\/","url_meta":{"origin":8051,"position":1},"title":"Material de Escalada | C\u00d3MO se equipa un Escalador ?\u200d","author":"fbeltran","date":"9 noviembre, 2020","format":false,"excerpt":"El material de escalada sin duda es un enigma para los iniciados, saber como equiparse adecuadamente y d\u00f3nde se ha de invertir nuestro dinero es de suma importancia. Si has probado la escalada y andas un poco perdido con el material necesario para la escalada, estas indicaciones te pueden ayudar.\u2026","rel":"","context":"En \u00abMaterial\u00bb","block_context":{"text":"Material","link":"https:\/\/materialdeescalada.com\/blog\/category\/material\/"},"img":{"alt_text":"\" escaladaores en una gran pared","src":"https:\/\/i0.wp.com\/materialdeescalada.com\/blog\/wp-content\/uploads\/2015\/07\/fondo05G-e1436093312730.jpg?fit=752%2C696&ssl=1&resize=350%2C200","width":350,"height":200,"srcset":"https:\/\/i0.wp.com\/materialdeescalada.com\/blog\/wp-content\/uploads\/2015\/07\/fondo05G-e1436093312730.jpg?fit=752%2C696&ssl=1&resize=350%2C200 1x, https:\/\/i0.wp.com\/materialdeescalada.com\/blog\/wp-content\/uploads\/2015\/07\/fondo05G-e1436093312730.jpg?fit=752%2C696&ssl=1&resize=525%2C300 1.5x, https:\/\/i0.wp.com\/materialdeescalada.com\/blog\/wp-content\/uploads\/2015\/07\/fondo05G-e1436093312730.jpg?fit=752%2C696&ssl=1&resize=700%2C400 2x"},"classes":[]},{"id":10939,"url":"https:\/\/materialdeescalada.com\/blog\/5-zonas-de-escalada-conociendo-nuestro-pais\/","url_meta":{"origin":8051,"position":2},"title":"5 zonas de escalada conociendo nuestro pa\u00eds","author":"fbeltran","date":"3 abril, 2023","format":false,"excerpt":"Durante la primavera y el oto\u00f1o, Espa\u00f1a ofrece una amplia variedad de zonas de escalada para todos los niveles y estilos. Aqu\u00ed tienes siete excelentes opciones para disfrutar de la escalada en este hermoso pa\u00eds","rel":"","context":"En \u00abNoticias\u00bb","block_context":{"text":"Noticias","link":"https:\/\/materialdeescalada.com\/blog\/category\/noticias\/"},"img":{"alt_text":"5 zonas de escalada para primavera","src":"https:\/\/i0.wp.com\/materialdeescalada.com\/blog\/wp-content\/uploads\/2023\/04\/5-zonas-de-escalada-para-primavera.jpg?fit=1140%2C412&ssl=1&resize=350%2C200","width":350,"height":200,"srcset":"https:\/\/i0.wp.com\/materialdeescalada.com\/blog\/wp-content\/uploads\/2023\/04\/5-zonas-de-escalada-para-primavera.jpg?fit=1140%2C412&ssl=1&resize=350%2C200 1x, https:\/\/i0.wp.com\/materialdeescalada.com\/blog\/wp-content\/uploads\/2023\/04\/5-zonas-de-escalada-para-primavera.jpg?fit=1140%2C412&ssl=1&resize=525%2C300 1.5x, https:\/\/i0.wp.com\/materialdeescalada.com\/blog\/wp-content\/uploads\/2023\/04\/5-zonas-de-escalada-para-primavera.jpg?fit=1140%2C412&ssl=1&resize=700%2C400 2x, https:\/\/i0.wp.com\/materialdeescalada.com\/blog\/wp-content\/uploads\/2023\/04\/5-zonas-de-escalada-para-primavera.jpg?fit=1140%2C412&ssl=1&resize=1050%2C600 3x"},"classes":[]},{"id":8824,"url":"https:\/\/materialdeescalada.com\/blog\/ser-padre-y-amante-de-la-montana\/","url_meta":{"origin":8051,"position":3},"title":"Ser Padre y Amante de la Monta\u00f1a","author":"fbeltran","date":"15 marzo, 2018","format":false,"excerpt":"Ser Padre y Amante de la Monta\u00f1a una cumbre fascinante por descubrir Ser padre es quiz\u00e1s una de las declaraciones de generosidad mas grande que existe, asumes que tus necesidades sean secundarias, en pro de las necesidades de los hijos. Ser amante de la monta\u00f1a te da un plus como\u2026","rel":"","context":"En \u00abFilosofia\u00bb","block_context":{"text":"Filosofia","link":"https:\/\/materialdeescalada.com\/blog\/category\/tienda-de-montana-online\/filosofia\/"},"img":{"alt_text":"Valle de Pineta","src":"https:\/\/i0.wp.com\/materialdeescalada.com\/blog\/wp-content\/uploads\/2016\/03\/AA034.jpg?fit=622%2C933&ssl=1&resize=350%2C200","width":350,"height":200,"srcset":"https:\/\/i0.wp.com\/materialdeescalada.com\/blog\/wp-content\/uploads\/2016\/03\/AA034.jpg?fit=622%2C933&ssl=1&resize=350%2C200 1x, https:\/\/i0.wp.com\/materialdeescalada.com\/blog\/wp-content\/uploads\/2016\/03\/AA034.jpg?fit=622%2C933&ssl=1&resize=525%2C300 1.5x"},"classes":[]},{"id":7726,"url":"https:\/\/materialdeescalada.com\/blog\/marca-mammut-lo-que-no-conocias\/","url_meta":{"origin":8051,"position":4},"title":"Lo que no conoc\u00edas de Mammut","author":"fbeltran","date":"10 enero, 2023","format":false,"excerpt":"Una marca con 150 a\u00f1os de historia Mammut empieza su andadura a finales del Siglo XIX, y es a principios de siglo XX cuando su creador patenta su sistema de construir cuerdas. Ser\u00eda en el a\u00f1o 1943 cuando introduce su Logo de marca tan conocido representado por un\u00a0 Mammut haciendo\u2026","rel":"","context":"En \u00abCamino SANTIAGO\u00bb","block_context":{"text":"Camino SANTIAGO","link":"https:\/\/materialdeescalada.com\/blog\/category\/camino-santiago\/"},"img":{"alt_text":"Mammut marca de monta\u00f1a y escalada","src":"https:\/\/i0.wp.com\/materialdeescalada.com\/blog\/wp-content\/uploads\/2016\/10\/Collage_Fotor-scaled.jpg?fit=1200%2C900&ssl=1&resize=350%2C200","width":350,"height":200,"srcset":"https:\/\/i0.wp.com\/materialdeescalada.com\/blog\/wp-content\/uploads\/2016\/10\/Collage_Fotor-scaled.jpg?fit=1200%2C900&ssl=1&resize=350%2C200 1x, https:\/\/i0.wp.com\/materialdeescalada.com\/blog\/wp-content\/uploads\/2016\/10\/Collage_Fotor-scaled.jpg?fit=1200%2C900&ssl=1&resize=525%2C300 1.5x, https:\/\/i0.wp.com\/materialdeescalada.com\/blog\/wp-content\/uploads\/2016\/10\/Collage_Fotor-scaled.jpg?fit=1200%2C900&ssl=1&resize=700%2C400 2x, https:\/\/i0.wp.com\/materialdeescalada.com\/blog\/wp-content\/uploads\/2016\/10\/Collage_Fotor-scaled.jpg?fit=1200%2C900&ssl=1&resize=1050%2C600 3x"},"classes":[]},{"id":8859,"url":"https:\/\/materialdeescalada.com\/blog\/5-ideas-para-regalar-en-el-dia-de-la-madre-montanera\/","url_meta":{"origin":8051,"position":5},"title":"5 Ideas Para Regalar en el D\u00eda de la Madre Monta\u00f1era","author":"fbeltran","date":"27 abril, 2018","format":false,"excerpt":"5 Ideas Para Regalar en el d\u00eda de la madre monta\u00f1era Por que una madre monta\u00f1era se merece lo mejor para disfrutar de la monta\u00f1a, en materialdeescalada te damos ideas para que se acuerde de ti cuando realice sus actividades al aire libre.Cada d\u00eda mas mujeres que a la v\u00e9z\u2026","rel":"","context":"En \u00abMaterial Alpinismo\u00bb","block_context":{"text":"Material Alpinismo","link":"https:\/\/materialdeescalada.com\/blog\/category\/material\/alpinismo\/"},"img":{"alt_text":"Dia de la madre","src":"https:\/\/i0.wp.com\/materialdeescalada.com\/blog\/wp-content\/uploads\/2018\/04\/5-IDEAS-PARA-REGALAR-DIA-DE-LA-MADRE-e1524847792710.png?fit=640%2C941&ssl=1&resize=350%2C200","width":350,"height":200,"srcset":"https:\/\/i0.wp.com\/materialdeescalada.com\/blog\/wp-content\/uploads\/2018\/04\/5-IDEAS-PARA-REGALAR-DIA-DE-LA-MADRE-e1524847792710.png?fit=640%2C941&ssl=1&resize=350%2C200 1x, https:\/\/i0.wp.com\/materialdeescalada.com\/blog\/wp-content\/uploads\/2018\/04\/5-IDEAS-PARA-REGALAR-DIA-DE-LA-MADRE-e1524847792710.png?fit=640%2C941&ssl=1&resize=525%2C300 1.5x"},"classes":[]}],"jetpack_likes_enabled":true,"_links":{"self":[{"href":"https:\/\/materialdeescalada.com\/blog\/wp-json\/wp\/v2\/posts\/8051","targetHints":{"allow":["GET"]}}],"collection":[{"href":"https:\/\/materialdeescalada.com\/blog\/wp-json\/wp\/v2\/posts"}],"about":[{"href":"https:\/\/materialdeescalada.com\/blog\/wp-json\/wp\/v2\/types\/post"}],"author":[{"embeddable":true,"href":"https:\/\/materialdeescalada.com\/blog\/wp-json\/wp\/v2\/users\/2"}],"replies":[{"embeddable":true,"href":"https:\/\/materialdeescalada.com\/blog\/wp-json\/wp\/v2\/comments?post=8051"}],"version-history":[{"count":7,"href":"https:\/\/materialdeescalada.com\/blog\/wp-json\/wp\/v2\/posts\/8051\/revisions"}],"predecessor-version":[{"id":9671,"href":"https:\/\/materialdeescalada.com\/blog\/wp-json\/wp\/v2\/posts\/8051\/revisions\/9671"}],"wp:featuredmedia":[{"embeddable":true,"href":"https:\/\/materialdeescalada.com\/blog\/wp-json\/wp\/v2\/media\/9664"}],"wp:attachment":[{"href":"https:\/\/materialdeescalada.com\/blog\/wp-json\/wp\/v2\/media?parent=8051"}],"wp:term":[{"taxonomy":"category","embeddable":true,"href":"https:\/\/materialdeescalada.com\/blog\/wp-json\/wp\/v2\/categories?post=8051"},{"taxonomy":"post_tag","embeddable":true,"href":"https:\/\/materialdeescalada.com\/blog\/wp-json\/wp\/v2\/tags?post=8051"}],"curies":[{"name":"wp","href":"https:\/\/api.w.org\/{rel}","templated":true}]}}